{"id":1809,"date":"2021-04-12T09:49:00","date_gmt":"2021-04-12T09:49:00","guid":{"rendered":"https:\/\/renic.es\/conferencia-sobre-ciberseguridad-5g-iniciativas-y-retos\/"},"modified":"2024-01-25T08:04:39","modified_gmt":"2024-01-25T08:04:39","slug":"conference-on-5g-cybersecurity-initiatives-and-challenges","status":"publish","type":"post","link":"https:\/\/renic.es\/en\/conference-on-5g-cybersecurity-initiatives-and-challenges\/","title":{"rendered":"Conference on 5G Cybersecurity: Initiatives and Challenges"},"content":{"rendered":"\n<p><strong>NEW DATE: April 20 12:30 p.m.&nbsp; Conference on 5G &#8220;Cybersecurity<\/strong><strong>: Initiatives and Challenges&#8221;<\/strong><\/p>\n\n\n\n<p>Tuesday 20\/04\/2021 from 12:30 to 14:00, conference: &#8220;5G Cybersecurity: initiatives and challenges&#8221; given by:&nbsp;<strong>Ms. Patricia D\u00edez Mu\u00f1oz&nbsp;<\/strong>(Global Network and Customer Devices Security Manager in Telef\u00f3nica GCTO Office) and&nbsp;<strong>Mr. Antonio Pastor Perales<\/strong>&nbsp;(Security leader in Research and innovation projects for networking in Global area of Technology in Telefonica).<\/p>\n\n\n\n<p>The videoconference can be accessed through the following link:<\/p>\n\n\n\n<p><strong>Da Vinci Room<\/strong>:<a href=\"https:\/\/oficinavirtual.ugr.es\/redes\/SOR\/SALVEUGR\/accesosala.jsp?IDSALA=22961823\" target=\"_blank\" rel=\"noopener\">&nbsp;https:\/\/oficinavirtual.ugr.es\/redes\/SOR\/SALVEUGR\/accesosala.jsp?IDSALA=22961823<\/a><br><strong>Password: 491571<\/strong><br>Co-organized with:<\/p>\n\n\n\n<p>University of Granada (<a href=\"https:\/\/www.ugr.es\/\" target=\"_blank\" rel=\"noopener\">https:\/\/www.ugr.es\/<\/a>)<\/p>\n\n\n\n<p>Technological Cluster OnGranada Tech City (<a href=\"https:\/\/www.i-ontech.es\/\" target=\"_blank\" rel=\"noopener\">https:\/\/www.ongranada.es\/<\/a>)<\/p>\n\n\n\n<p>National Network of Excellence in Cybersecurity Research (<a href=\"https:\/\/www.renic.es\/es\">https:\/\/www.renic.es\/es<\/a>)<\/p>\n\n\n\n<p>Find the information and connection data to the conference&nbsp;<a href=\"https:\/\/etsiit.ugr.es\/la-escuela\/noticias\/ciberseguridad-5g-iniciativas-y-retos\" target=\"_blank\" rel=\"noopener\">following this link<\/a>&nbsp;<\/p>\n","protected":false},"excerpt":{"rendered":"<p>NEW DATE: April 20 12:30 p.m.&nbsp; Conference on 5G &#8220;Cybersecurity: Initiatives and Challenges&#8221; Tuesday 20\/04\/2021 from 12:30 to 14:00, conference: &#8220;5G Cybersecurity: initiatives and challenges&#8221; given by:&nbsp;Ms. Patricia D\u00edez Mu\u00f1oz&nbsp;(Global Network and Customer Devices Security Manager in Telef\u00f3nica GCTO Office) and&nbsp;Mr. Antonio Pastor Perales&nbsp;(Security leader in Research and innovation projects for networking in Global area [&hellip;]<\/p>\n","protected":false},"author":1,"featured_media":1647,"comment_status":"closed","ping_status":"closed","sticky":false,"template":"","format":"standard","meta":{"footnotes":""},"categories":[31],"tags":[],"class_list":["post-1809","post","type-post","status-publish","format-standard","has-post-thumbnail","hentry","category-latest-network-news"],"_links":{"self":[{"href":"https:\/\/renic.es\/en\/wp-json\/wp\/v2\/posts\/1809","targetHints":{"allow":["GET"]}}],"collection":[{"href":"https:\/\/renic.es\/en\/wp-json\/wp\/v2\/posts"}],"about":[{"href":"https:\/\/renic.es\/en\/wp-json\/wp\/v2\/types\/post"}],"author":[{"embeddable":true,"href":"https:\/\/renic.es\/en\/wp-json\/wp\/v2\/users\/1"}],"replies":[{"embeddable":true,"href":"https:\/\/renic.es\/en\/wp-json\/wp\/v2\/comments?post=1809"}],"version-history":[{"count":1,"href":"https:\/\/renic.es\/en\/wp-json\/wp\/v2\/posts\/1809\/revisions"}],"predecessor-version":[{"id":1810,"href":"https:\/\/renic.es\/en\/wp-json\/wp\/v2\/posts\/1809\/revisions\/1810"}],"wp:featuredmedia":[{"embeddable":true,"href":"https:\/\/renic.es\/en\/wp-json\/wp\/v2\/media\/1647"}],"wp:attachment":[{"href":"https:\/\/renic.es\/en\/wp-json\/wp\/v2\/media?parent=1809"}],"wp:term":[{"taxonomy":"category","embeddable":true,"href":"https:\/\/renic.es\/en\/wp-json\/wp\/v2\/categories?post=1809"},{"taxonomy":"post_tag","embeddable":true,"href":"https:\/\/renic.es\/en\/wp-json\/wp\/v2\/tags?post=1809"}],"curies":[{"name":"wp","href":"https:\/\/api.w.org\/{rel}","templated":true}]}}